{"id":6326,"date":"2017-07-25T11:23:45","date_gmt":"2017-07-25T10:23:45","guid":{"rendered":"http:\/\/www.uppvidingetidning.se\/?p=6326"},"modified":"2017-07-25T11:25:27","modified_gmt":"2017-07-25T10:25:27","slug":"bornes-sommartips","status":"publish","type":"post","link":"https:\/\/www.uppvidingetidning.se\/?p=6326","title":{"rendered":"B\u00f6rnes sommartips"},"content":{"rendered":"<div id=\"attachment_6327\" style=\"width: 563px\" class=\"wp-caption alignright\"><a href=\"http:\/\/www.uppvidingetidning.se\/wp-content\/uploads\/2017\/07\/Vildmarksleden_b\u00f6rne-T_web.jpg\"><img loading=\"lazy\" decoding=\"async\" aria-describedby=\"caption-attachment-6327\" class=\"wp-image-6327 size-large\" src=\"http:\/\/www.uppvidingetidning.se\/wp-content\/uploads\/2017\/07\/Vildmarksleden_b\u00f6rne-T_web-553x1024.jpg\" alt=\"\" width=\"553\" height=\"1024\" srcset=\"https:\/\/www.uppvidingetidning.se\/wp-content\/uploads\/2017\/07\/Vildmarksleden_b\u00f6rne-T_web-553x1024.jpg 553w, https:\/\/www.uppvidingetidning.se\/wp-content\/uploads\/2017\/07\/Vildmarksleden_b\u00f6rne-T_web-162x300.jpg 162w, https:\/\/www.uppvidingetidning.se\/wp-content\/uploads\/2017\/07\/Vildmarksleden_b\u00f6rne-T_web-768x1422.jpg 768w, https:\/\/www.uppvidingetidning.se\/wp-content\/uploads\/2017\/07\/Vildmarksleden_b\u00f6rne-T_web-624x1156.jpg 624w, https:\/\/www.uppvidingetidning.se\/wp-content\/uploads\/2017\/07\/Vildmarksleden_b\u00f6rne-T_web.jpg 980w\" sizes=\"auto, (max-width: 553px) 100vw, 553px\" \/><\/a><p id=\"caption-attachment-6327\" class=\"wp-caption-text\">B\u00f6rne Thorstensson (Arkivfoto Uppvidinge Tidning)<\/p><\/div>\n<p><strong>Sommar, sommar, sommar. M\u00e5nga av oss sjunger,\u00a0 skr\u00e5lar eller mimar\u00a0 med i denna alls\u00e5ngsl\u00e5t vid n\u00e5gon av de alls\u00e5ngskv\u00e4llar som finns i snart sett varje liten v\u00e4gkr\u00f6k. Hur \u00e4r d\u00e5 sommaren 2017 v\u00e4derm\u00e4ssigt? F\u00f6r mig som inte tycker om varmare \u00e4n 20-22 grader \u00e4r det perfekt, men f\u00f6r alla soldyrkande semesterfirare \u00e4r nog missn\u00f6jet stort.<\/strong><\/p>\n<p>Vad tycker d\u00e5 naturen om denna sommar? Nederb\u00f6rden \u00e4r ju inte s\u00e5 stor att det p\u00e5verkat sj\u00f6ar, b\u00e4ckar eller grundvatten. D\u00e4remot har det kommit s\u00e5 mycket att gr\u00e4smattor, \u00e5tminstone v\u00e5r, och \u00f6vrig v\u00e4xtlighet har trivts ganska bra. I de \u00e4ngs- och sl\u00e5ttermarker som jag jobbar med blommar det n\u00e5got alldeles makal\u00f6st detta \u00e5r. Har aldrig sett s\u00e5 mycket sl\u00e5ttergubbe, ormrot, brudborst, stor och liten bl\u00e5klocka samt orkideerna gr\u00f6nvit nattviol och Jungfru Marie nycklar som detta \u00e5r. I Uppvidinge och Lessebo kommuner finns ju ett antal sl\u00e5tter\u00e4ngar som verkligen gynnar dessa arter. Tyv\u00e4rr \u00e4r sl\u00e5tter\u00e4ngen en stor bristvara s\u00e5 om det finns n\u00e5gon som har en gammal og\u00f6dslad betemark s\u00e5 b\u00f6rja g\u00e4rna att sl\u00e5 den med lie eller sl\u00e5tterbalk. Efter n\u00e5gra \u00e5r kommer ni f\u00f6rhoppningsvis att ha en blommande sl\u00e5tter\u00e4ng. Det kr\u00e4vs mycket arbete och att sl\u00e5 med lie \u00e4r ett hantverk som kr\u00e4ver mycket kunskap. Dels arbetsmetoden, inst\u00e4llningen av lien och sist men inte minst viktigt, slipningen. Sedan \u00e4r det \u201d bara\u201d att tr\u00e4na n\u00e5gra veckor fram\u00f6ver. Lycka till!!<\/p>\n<p>I \u00f6vrigt har sl\u00e5tterarbetet startat s\u00e5 sm\u00e5tt i reservaten med hj\u00e4lp av v\u00e5ra entrepren\u00f6rer. Den kommer att h\u00e5lla p\u00e5 till slutet augusti eller b\u00f6rjan av september. Ett stort problem som tar mycket resurser \u00e4r bek\u00e4mpningen av de s\u00e5 kallade oh\u00e4vdsarterna. D\u00e4r ing\u00e5r \u00e4lg\u00f6rten, \u00f6rnbr\u00e4ken. bj\u00f6rksly och p\u00e5 sista tiden, liljekonvaljebladen som tar \u00f6ver allt mera. Bek\u00e4mpningen av alla dessa kr\u00e4ver mycket arbete och d\u00e4rmed ocks\u00e5 stora ekonomiska resurser. I \u00f6vrigt h\u00e5ller man p\u00e5 med ett stort sp\u00e5ngbygge i Visj\u00f6ns naturreservat och skall forts\u00e4tta i Singelstorpa fly under h\u00f6sten. D\u00e4r har vi ett stort problem att l\u00f6sa. Hur f\u00e5r vi ut materialet? D\u00e4r har vi att fundera p\u00e5!<\/p>\n<p>Sj\u00e4lv gick jag f\u00f6r ett tag sedan Vildmarksleden fr\u00e5n Lindshammar till Klavrestr\u00f6m. En v\u00e4ldigt trevlig vandring p\u00e5 15-16 km. Tyv\u00e4rr anv\u00e4nds den alldeles f\u00f6r lite, s\u00e5 g\u00f6r ett ryck och vandra p\u00e5 hemmaplan. Jag har f\u00f6rst\u00e5tt att det \u00e4r v\u00e4ldigt \u201d h\u00e4ftigt\u201d att vandra i fj\u00e4llen men det skadar nog inte att tr\u00e4na p\u00e5 hemmaplan f\u00f6rst innan man satsar p\u00e5 Kebnekaise. Har l\u00e4st i tidningen om att v\u00e4ldigt m\u00e5nga ger sig ut att fj\u00e4llvandra, d\u00e5ligt kl\u00e4dda, \u00e4nnu s\u00e4mre kondition och sedan dessa mygg och s\u00e5 ringer man fj\u00e4llr\u00e4ddningen som skall r\u00e4dda dem.<\/p>\n<p>Jo, jag gick som sagt Vildmarksleden och med \u00e5lderns r\u00e4tt s\u00e5 tar jag det ganska lugnt. Jag titta p\u00e5 v\u00e4xter och f\u00e5glar, alltid dyker det upp n\u00e5got r\u00e5djur, en tj\u00e4der eller en \u00e4lg. Sedan m\u00e5ste man pausa med en kopp kaffe ocks\u00e5. F\u00f6rsta stoppet gjorde jag vid resterna av en kolarkoja. Vilken k\u00e4nsla! T\u00e4nka sig hundra \u00e5r tillbaka i tiden, d\u00e4r kolaren fick slita, och d\u00e5 menar jag slita, inte fibbla med en mobiltelefon och s\u00e4ga att man sliter, utan riktigt tungt arbete flera dygn i str\u00e4ck f\u00f6r en mycket liten f\u00f6rtj\u00e4nst.<\/p>\n<p>N\u00e4sta stopp blev vid en gammal torpgrund. Just detta torpet ligger vackert p\u00e5 en h\u00f6jd med utsikt \u00f6ver tr\u00e4dtopparna. St\u00e4llet har inte planterats eller vuxit igen s\u00e5 d\u00e4r finns b\u00e5de blommor och v\u00e5rdtr\u00e4d kvar. Det finns m\u00e5nga torpgrunder utmed leden. En del ligger ganska l\u00e5ngt fr\u00e5n annan bebyggelse och att d\u00e5 t\u00e4nka tillbaka p\u00e5 hur dessa m\u00e4nniskor som f\u00f6ddes, dog och levde sitt liv h\u00e4r ute i skogen \u00e4r inte l\u00e4tt f\u00f6r nutidsm\u00e4nniskan. V\u00e4l framme i Klavrestr\u00f6m var det sk\u00f6nt att hustrun kom och m\u00f6tte upp med bilen och transporterade hem en stelbent gubbe efter en mycket trevlig vandring.<\/p>\n<p>Ni som inte tycker att naturreservat \u00e4r n\u00e5got intressant att bes\u00f6ka, tycker jag skall pr\u00f6va Naturpasset, Det \u00e4r Kexholms SK som har placerat ut 30 fasta kontroller, i \u00e5r i omr\u00e5det norr om \u00c5seda. Du tar det i din egen takt, n\u00e4r du vill och hur m\u00e5nga kontroller du sj\u00e4lv vill. Karta k\u00f6per du hos Hellgrens f\u00f6r 50 kr och du har till den 8 september p\u00e5 dig. Vill du inte g\u00f6ra n\u00e5got av dessa aktiviteter kan du v\u00e4l \u00e5ka och fika i \u00d6sj\u00f6bol, M\u00f6sj\u00f6hult, M\u00f6rtelek eller varf\u00f6r inte Sj\u00f6parken i Lenhovda, en fantastiskt v\u00e4lsk\u00f6tt och vacker plats eller varf\u00f6r inte hembygdsparken i Norrhult.<\/p>\n<p>Givetvis finns det fler fikaplatser i kommunen som \u00f6nskar att ni kommer p\u00e5 ett bes\u00f6k men sommaren \u00e4r l\u00e5ng, v\u00e4lj sj\u00e4lv ett l\u00e4mpligt st\u00e4lle.<\/p>\n<p>Jag \u00f6nskar alla en trevlig och sk\u00f6n sommar. OBS!! Man kan sitta i skuggan och l\u00e4sa en bok ocks\u00e5!\u00a0<em>\/B\u00f6rne Thorstensson<\/em><\/p>\n<div id=\"attachment_6329\" style=\"width: 990px\" class=\"wp-caption aligncenter\"><a href=\"http:\/\/www.uppvidingetidning.se\/wp-content\/uploads\/2017\/07\/Vildmarksled_web.jpg\"><img loading=\"lazy\" decoding=\"async\" aria-describedby=\"caption-attachment-6329\" class=\"wp-image-6329 size-full\" src=\"http:\/\/www.uppvidingetidning.se\/wp-content\/uploads\/2017\/07\/Vildmarksled_web.jpg\" alt=\"\" width=\"980\" height=\"656\" srcset=\"https:\/\/www.uppvidingetidning.se\/wp-content\/uploads\/2017\/07\/Vildmarksled_web.jpg 980w, https:\/\/www.uppvidingetidning.se\/wp-content\/uploads\/2017\/07\/Vildmarksled_web-300x201.jpg 300w, https:\/\/www.uppvidingetidning.se\/wp-content\/uploads\/2017\/07\/Vildmarksled_web-768x514.jpg 768w, https:\/\/www.uppvidingetidning.se\/wp-content\/uploads\/2017\/07\/Vildmarksled_web-624x418.jpg 624w\" sizes=\"auto, (max-width: 980px) 100vw, 980px\" \/><\/a><p id=\"caption-attachment-6329\" class=\"wp-caption-text\">Vildmarksleden med skyltmarkeringar. (Foto Uppvidinge Tidning)<\/p><\/div>\n","protected":false},"excerpt":{"rendered":"<p>Sommar, sommar, sommar. M\u00e5nga av oss sjunger,\u00a0 skr\u00e5lar eller mimar\u00a0 med i denna alls\u00e5ngsl\u00e5t vid n\u00e5gon av de alls\u00e5ngskv\u00e4llar som finns i snart sett varje liten v\u00e4gkr\u00f6k. Hur \u00e4r d\u00e5 sommaren 2017 v\u00e4derm\u00e4ssigt? F\u00f6r mig som inte tycker om varmare \u00e4n 20-22 grader \u00e4r det perfekt, men f\u00f6r alla soldyrkande semesterfirare \u00e4r nog missn\u00f6jet stort. [&hellip;]<\/p>\n","protected":false},"author":2,"featured_media":0,"comment_status":"closed","ping_status":"open","sticky":false,"template":"","format":"standard","meta":{"footnotes":""},"categories":[23,21],"tags":[],"class_list":["post-6326","post","type-post","status-publish","format-standard","hentry","category-sport","category-skog-natur"],"_links":{"self":[{"href":"https:\/\/www.uppvidingetidning.se\/index.php?rest_route=\/wp\/v2\/posts\/6326","targetHints":{"allow":["GET"]}}],"collection":[{"href":"https:\/\/www.uppvidingetidning.se\/index.php?rest_route=\/wp\/v2\/posts"}],"about":[{"href":"https:\/\/www.uppvidingetidning.se\/index.php?rest_route=\/wp\/v2\/types\/post"}],"author":[{"embeddable":true,"href":"https:\/\/www.uppvidingetidning.se\/index.php?rest_route=\/wp\/v2\/users\/2"}],"replies":[{"embeddable":true,"href":"https:\/\/www.uppvidingetidning.se\/index.php?rest_route=%2Fwp%2Fv2%2Fcomments&post=6326"}],"version-history":[{"count":4,"href":"https:\/\/www.uppvidingetidning.se\/index.php?rest_route=\/wp\/v2\/posts\/6326\/revisions"}],"predecessor-version":[{"id":6333,"href":"https:\/\/www.uppvidingetidning.se\/index.php?rest_route=\/wp\/v2\/posts\/6326\/revisions\/6333"}],"wp:attachment":[{"href":"https:\/\/www.uppvidingetidning.se\/index.php?rest_route=%2Fwp%2Fv2%2Fmedia&parent=6326"}],"wp:term":[{"taxonomy":"category","embeddable":true,"href":"https:\/\/www.uppvidingetidning.se\/index.php?rest_route=%2Fwp%2Fv2%2Fcategories&post=6326"},{"taxonomy":"post_tag","embeddable":true,"href":"https:\/\/www.uppvidingetidning.se\/index.php?rest_route=%2Fwp%2Fv2%2Ftags&post=6326"}],"curies":[{"name":"wp","href":"https:\/\/api.w.org\/{rel}","templated":true}]}}