{"id":5902,"date":"2017-05-19T13:30:43","date_gmt":"2017-05-19T12:30:43","guid":{"rendered":"http:\/\/www.uppvidingetidning.se\/?p=5902"},"modified":"2017-05-19T13:35:17","modified_gmt":"2017-05-19T12:35:17","slug":"utstallning-om-lokala-material","status":"publish","type":"post","link":"https:\/\/www.uppvidingetidning.se\/?p=5902","title":{"rendered":"Utst\u00e4llning om lokala material"},"content":{"rendered":"<div id=\"attachment_5903\" style=\"width: 990px\" class=\"wp-caption aligncenter\"><a href=\"http:\/\/www.uppvidingetidning.se\/wp-content\/uploads\/2017\/05\/SchultzLindberg-plats-material-mojlighet_lowres_01.jpg\"><img loading=\"lazy\" decoding=\"async\" aria-describedby=\"caption-attachment-5903\" class=\"wp-image-5903 size-full\" src=\"http:\/\/www.uppvidingetidning.se\/wp-content\/uploads\/2017\/05\/SchultzLindberg-plats-material-mojlighet_lowres_01.jpg\" alt=\"\" width=\"980\" height=\"693\" srcset=\"https:\/\/www.uppvidingetidning.se\/wp-content\/uploads\/2017\/05\/SchultzLindberg-plats-material-mojlighet_lowres_01.jpg 980w, https:\/\/www.uppvidingetidning.se\/wp-content\/uploads\/2017\/05\/SchultzLindberg-plats-material-mojlighet_lowres_01-300x212.jpg 300w, https:\/\/www.uppvidingetidning.se\/wp-content\/uploads\/2017\/05\/SchultzLindberg-plats-material-mojlighet_lowres_01-768x543.jpg 768w, https:\/\/www.uppvidingetidning.se\/wp-content\/uploads\/2017\/05\/SchultzLindberg-plats-material-mojlighet_lowres_01-624x441.jpg 624w\" sizes=\"auto, (max-width: 980px) 100vw, 980px\" \/><\/a><p id=\"caption-attachment-5903\" class=\"wp-caption-text\">Schultz och Lindberg\u00a0st\u00e4ller ut i \u00c5seda, den 20-21 maj.<\/p><\/div>\n<p><strong>Vad kr\u00e4vs det f\u00f6r att jobba med lokala material?\u00a0<\/strong><strong>Formgivarna <\/strong><strong>Kristina Schultz och Johan Lindberg har unders\u00f6kt saken n\u00e4rmare.<\/strong><\/p>\n<p>I samband med Uppvidinge natur- och kulturrunda den 20\u201321 maj visas en utst\u00e4llning med projektet <em>Plats \u2013 Material \u2013 M\u00f6jlighet<\/em> i \u00c5seda.<br \/>\n-D\u00e5 hela unders\u00f6kningen i grund och botten handlar om just platsen och dess m\u00f6jligheter k\u00e4nns det extra fint att f\u00e5 visa projektet i ett ytterst lokalt sammanhang, uttrycker Johan Lindberg.<a href=\"http:\/\/www.uppvidingetidning.se\/wp-content\/uploads\/2017\/05\/SchultzLindberg-plats-material-mojlighet_lowres_02.jpg\"><img loading=\"lazy\" decoding=\"async\" class=\"alignright size-medium wp-image-5904\" src=\"http:\/\/www.uppvidingetidning.se\/wp-content\/uploads\/2017\/05\/SchultzLindberg-plats-material-mojlighet_lowres_02-300x200.jpg\" alt=\"\" width=\"300\" height=\"200\" srcset=\"https:\/\/www.uppvidingetidning.se\/wp-content\/uploads\/2017\/05\/SchultzLindberg-plats-material-mojlighet_lowres_02-300x200.jpg 300w, https:\/\/www.uppvidingetidning.se\/wp-content\/uploads\/2017\/05\/SchultzLindberg-plats-material-mojlighet_lowres_02-768x512.jpg 768w, https:\/\/www.uppvidingetidning.se\/wp-content\/uploads\/2017\/05\/SchultzLindberg-plats-material-mojlighet_lowres_02-624x416.jpg 624w, https:\/\/www.uppvidingetidning.se\/wp-content\/uploads\/2017\/05\/SchultzLindberg-plats-material-mojlighet_lowres_02.jpg 980w\" sizes=\"auto, (max-width: 300px) 100vw, 300px\" \/><\/a><\/p>\n<p>Termen lokala material har blivit lika popul\u00e4r bland formgivare som n\u00e4rproducerat \u00e4r i k\u00f6ket. Men i Stockholm d\u00e4r vi har v\u00e5rt kontor \u00e4r den krassa sanningen att den tillg\u00e4ngliga materialpaletten \u00e4r ganska tunn. S\u00e5 f\u00f6r att p\u00e5 allvar kunna utforska de r\u00e5varor som finns runtomkring oss gick flyttlasset till \u00c5seda.<br \/>\n-Som formgivare \u00e4r vi vana vid att jobba i mer eller mindre f\u00e4rdiga material. Vi \u00e5ker bara iv\u00e4g till br\u00e4dg\u00e5rden, tyghandeln eller skruvbutiken f\u00f6r att k\u00f6pa det vi ska anv\u00e4nda, \u00a0men i det h\u00e4r projektet har mycket tid och kraft ist\u00e4llet lagts p\u00e5 att framst\u00e4lla egna material direkt ur r\u00e5varan, ber\u00e4ttar Kristina Schultz.<\/p>\n<p>Utan f\u00f6rkunskaper, men med \u00f6ppet sinne gav de sig ut i skog och mark p\u00e5 jakt efter tr\u00e4, ull, sten, n\u00e4ssla, lera, lin, sly och n\u00e4ver. Det blev en l\u00e5ng resa d\u00e4r mycket kunskap och erfarenhet har beh\u00f6vts genereras. Att f\u00e5 fram garn av lin \u00e4r till exempel ett oerh\u00f6rt kr\u00e4vande arbete med m\u00e5nga moment som m\u00e5ste bem\u00e4stras \u2013\u00a0linet ska sk\u00f6rdas, repas, r\u00f6tas, br\u00e5kas, sk\u00e4ktas, h\u00e4cklas och spinnas. Och sedan en f\u00e4rg p\u00e5 det?<br \/>\n-Jag hade aldrig ens h\u00f6rt talas om en h\u00e4ckla tidigare, s\u00e4ger Johan, men som tur var finns det andra som har det och som var gener\u00f6sa och visade mig. Men att bem\u00e4stra hantverk kr\u00e4ver mer \u00e4n ett f\u00f6rs\u00f6k \u2013 v\u00e5r styrka \u00e4r att vi inte \u00e4r r\u00e4dda f\u00f6r att g\u00f6ra fel, f\u00f6r \u201dfel\u201d blir det mest hela tiden, menar\u00a0Kristina.<\/p>\n<p>Utst\u00e4llningen p\u00e5g\u00e5r under helgen den 20-21 maj, och visas i formgivarnas verkstad p\u00e5 Olofsgatan 11 i \u00c5seda.<br \/>\nI senaste Uppvidinge Tidning hittar du mer information om helgen natur- och kulturutflykt, samt \u00e4ven karta och f\u00f6rteckning \u00f6ver medverkande utst\u00e4llare.<\/p>\n<p><a href=\"https:\/\/issuu.com\/uppvidingetidning\/docs\/ut_april17_42sid\/10\">KARTA &amp; MER INFO<br \/>\nNATUR- OCH KULTURUTFLYKTEN&gt;&gt;&gt;&gt;&gt;<\/a><\/p>\n","protected":false},"excerpt":{"rendered":"<p>Vad kr\u00e4vs det f\u00f6r att jobba med lokala material?\u00a0Formgivarna Kristina Schultz och Johan Lindberg har unders\u00f6kt saken n\u00e4rmare. I samband med Uppvidinge natur- och kulturrunda den 20\u201321 maj visas en utst\u00e4llning med projektet Plats \u2013 Material \u2013 M\u00f6jlighet i \u00c5seda. -D\u00e5 hela unders\u00f6kningen i grund och botten handlar om just platsen och dess m\u00f6jligheter k\u00e4nns [&hellip;]<\/p>\n","protected":false},"author":2,"featured_media":0,"comment_status":"closed","ping_status":"open","sticky":false,"template":"","format":"standard","meta":{"footnotes":""},"categories":[55,1],"tags":[],"class_list":["post-5902","post","type-post","status-publish","format-standard","hentry","category-kultur-konst","category-u-t-pa-natet"],"_links":{"self":[{"href":"https:\/\/www.uppvidingetidning.se\/index.php?rest_route=\/wp\/v2\/posts\/5902","targetHints":{"allow":["GET"]}}],"collection":[{"href":"https:\/\/www.uppvidingetidning.se\/index.php?rest_route=\/wp\/v2\/posts"}],"about":[{"href":"https:\/\/www.uppvidingetidning.se\/index.php?rest_route=\/wp\/v2\/types\/post"}],"author":[{"embeddable":true,"href":"https:\/\/www.uppvidingetidning.se\/index.php?rest_route=\/wp\/v2\/users\/2"}],"replies":[{"embeddable":true,"href":"https:\/\/www.uppvidingetidning.se\/index.php?rest_route=%2Fwp%2Fv2%2Fcomments&post=5902"}],"version-history":[{"count":2,"href":"https:\/\/www.uppvidingetidning.se\/index.php?rest_route=\/wp\/v2\/posts\/5902\/revisions"}],"predecessor-version":[{"id":5907,"href":"https:\/\/www.uppvidingetidning.se\/index.php?rest_route=\/wp\/v2\/posts\/5902\/revisions\/5907"}],"wp:attachment":[{"href":"https:\/\/www.uppvidingetidning.se\/index.php?rest_route=%2Fwp%2Fv2%2Fmedia&parent=5902"}],"wp:term":[{"taxonomy":"category","embeddable":true,"href":"https:\/\/www.uppvidingetidning.se\/index.php?rest_route=%2Fwp%2Fv2%2Fcategories&post=5902"},{"taxonomy":"post_tag","embeddable":true,"href":"https:\/\/www.uppvidingetidning.se\/index.php?rest_route=%2Fwp%2Fv2%2Ftags&post=5902"}],"curies":[{"name":"wp","href":"https:\/\/api.w.org\/{rel}","templated":true}]}}