{"id":3662,"date":"2015-11-24T19:42:28","date_gmt":"2015-11-24T18:42:28","guid":{"rendered":"http:\/\/www.uppvidingetidning.se\/?p=3662"},"modified":"2015-11-24T19:42:52","modified_gmt":"2015-11-24T18:42:52","slug":"lilla-attsjon-vinner-landskapsvardspris","status":"publish","type":"post","link":"https:\/\/www.uppvidingetidning.se\/?p=3662","title":{"rendered":"Lilla Attsj\u00f6n vinner landskapsv\u00e5rdspris"},"content":{"rendered":"<p><strong>F\u00f6reningen Lilla Attsj\u00f6n har under h\u00f6sten tilldelas V\u00e4xj\u00f6 kommuns landskapsv\u00e5rdspris f\u00f6r att ha \u00e5terskapat f\u00e5gelsj\u00f6n med samma namn. Det stod klart efter ett beslut i kommunstyrelsens arbetsutskott i oktober.<\/strong><\/p>\n<p>&#8211; Det \u00e4r v\u00e4ldigt roligt och ett bra betyg p\u00e5 att S\u00f6dra och dess medlemmar skapar v\u00e4rde ur skogen, s\u00e4ger Per-Erik Larsson, biolog p\u00e5 S\u00f6dra, som ber\u00e4ttar att sj\u00f6n har blivit ett attraktivt utflyktsm\u00e5l.<\/p>\n<p><strong>Gemensamma krafter<br \/>\n<\/strong>S\u00f6dras stiftelse \u00e4ger 2 000 hektar i Attsj\u00f6 d\u00e4r 50 procent av den \u00e5terskapade sj\u00f6n ligger. Den \u00f6vriga delen \u00e4r uppdelad p\u00e5 fem privata skogs\u00e4gare som tillsammans med S\u00f6dra \u00e5r 2011 tog beslut om att unders\u00f6ka m\u00f6jligheterna med att \u00e5terskapa den 60 hektar stora sj\u00f6n.\u00a0 Efter positiva besked fr\u00e5n Jordbruksverket och Mark &amp; milj\u00f6domstolen b\u00f6rjade det praktiska arbetet sommaren 2014 och sj\u00f6n var f\u00e4rdig januari 2015.<br \/>\nProjektet \u00e4r en del av S\u00f6dras arbete med &#8221;skogens vatten&#8221; och &#8221;skogens sociala v\u00e4rden&#8221; och sj\u00f6n ligger till h\u00e4lften p\u00e5 S\u00f6dras forskningsstiftelses mark. F\u00f6rutom den \u00f6ppna vattenytan har cirka 20 hektar hagmark med bete, strand\u00e4ngar och hackspettskog skapats. Projektet har bekostats med Jordbruksverkets medel f\u00f6r &#8221;Milj\u00f6investeringar&#8221;. Det praktiska arbetet har omfattat byggande av vattenregleringsanordningar, handikappanpassad g\u00e5ngstig, tv\u00e5 f\u00e5geltorn och vindskydd med grillplatser, samt naturv\u00e5rdsanpassade avverkningar.<br \/>\n&#8211; Resultatet efter en s\u00e4song visar p\u00e5 stor biologisk m\u00e5ngfald och stort socialt v\u00e4rde. Det \u00e4r flera f\u00e5gelarter som b\u00e5de h\u00e4ckade och fick ungar d\u00e4r denna s\u00e4song, ber\u00e4ttar Per-Erik Larsson.<\/p>\n<p>V\u00e4xj\u00f6 kommuns landskapsv\u00e5rdspris har delats ut sedan 1987 och tilldelas personer eller f\u00f6reningar som aktivt arbetar med att bevara eller \u00e5terst\u00e4lla kulturlandskapet. Priset delas ut vid kommunfullm\u00e4ktigem\u00f6te i december och best\u00e5r av ett diplom samt en prissumma p\u00e5 20 000 kronor.<\/p>\n","protected":false},"excerpt":{"rendered":"<p>F\u00f6reningen Lilla Attsj\u00f6n har under h\u00f6sten tilldelas V\u00e4xj\u00f6 kommuns landskapsv\u00e5rdspris f\u00f6r att ha \u00e5terskapat f\u00e5gelsj\u00f6n med samma namn. Det stod klart efter ett beslut i kommunstyrelsens arbetsutskott i oktober. &#8211; Det \u00e4r v\u00e4ldigt roligt och ett bra betyg p\u00e5 att S\u00f6dra och dess medlemmar skapar v\u00e4rde ur skogen, s\u00e4ger Per-Erik Larsson, biolog p\u00e5 S\u00f6dra, som [&hellip;]<\/p>\n","protected":false},"author":2,"featured_media":0,"comment_status":"closed","ping_status":"open","sticky":false,"template":"","format":"standard","meta":{"footnotes":""},"categories":[1],"tags":[],"class_list":["post-3662","post","type-post","status-publish","format-standard","hentry","category-u-t-pa-natet"],"_links":{"self":[{"href":"https:\/\/www.uppvidingetidning.se\/index.php?rest_route=\/wp\/v2\/posts\/3662","targetHints":{"allow":["GET"]}}],"collection":[{"href":"https:\/\/www.uppvidingetidning.se\/index.php?rest_route=\/wp\/v2\/posts"}],"about":[{"href":"https:\/\/www.uppvidingetidning.se\/index.php?rest_route=\/wp\/v2\/types\/post"}],"author":[{"embeddable":true,"href":"https:\/\/www.uppvidingetidning.se\/index.php?rest_route=\/wp\/v2\/users\/2"}],"replies":[{"embeddable":true,"href":"https:\/\/www.uppvidingetidning.se\/index.php?rest_route=%2Fwp%2Fv2%2Fcomments&post=3662"}],"version-history":[{"count":2,"href":"https:\/\/www.uppvidingetidning.se\/index.php?rest_route=\/wp\/v2\/posts\/3662\/revisions"}],"predecessor-version":[{"id":3664,"href":"https:\/\/www.uppvidingetidning.se\/index.php?rest_route=\/wp\/v2\/posts\/3662\/revisions\/3664"}],"wp:attachment":[{"href":"https:\/\/www.uppvidingetidning.se\/index.php?rest_route=%2Fwp%2Fv2%2Fmedia&parent=3662"}],"wp:term":[{"taxonomy":"category","embeddable":true,"href":"https:\/\/www.uppvidingetidning.se\/index.php?rest_route=%2Fwp%2Fv2%2Fcategories&post=3662"},{"taxonomy":"post_tag","embeddable":true,"href":"https:\/\/www.uppvidingetidning.se\/index.php?rest_route=%2Fwp%2Fv2%2Ftags&post=3662"}],"curies":[{"name":"wp","href":"https:\/\/api.w.org\/{rel}","templated":true}]}}