{"id":3631,"date":"2015-11-24T10:12:20","date_gmt":"2015-11-24T09:12:20","guid":{"rendered":"http:\/\/www.uppvidingetidning.se\/?p=3631"},"modified":"2023-08-29T07:31:37","modified_gmt":"2023-08-29T06:31:37","slug":"upptack-vildmarksleden","status":"publish","type":"post","link":"https:\/\/www.uppvidingetidning.se\/?p=3631","title":{"rendered":"Uppt\u00e4ck Vildmarksleden"},"content":{"rendered":"<p><a href=\"http:\/\/www.uppvidingetidning.se\/wp-content\/uploads\/2015\/11\/Vildmarksleden_web.jpg\"><img loading=\"lazy\" decoding=\"async\" class=\"aligncenter size-full wp-image-3626\" src=\"http:\/\/www.uppvidingetidning.se\/wp-content\/uploads\/2015\/11\/Vildmarksleden_web.jpg\" alt=\"Vildmarksleden_web\" width=\"600\" height=\"402\" srcset=\"https:\/\/www.uppvidingetidning.se\/wp-content\/uploads\/2015\/11\/Vildmarksleden_web.jpg 600w, https:\/\/www.uppvidingetidning.se\/wp-content\/uploads\/2015\/11\/Vildmarksleden_web-300x201.jpg 300w\" sizes=\"auto, (max-width: 600px) 100vw, 600px\" \/><\/a><\/p>\n<p><strong>Intresset f\u00f6r att vandra och r\u00f6ra sig i skog och natur \u00f6kar hela tiden och under h\u00f6sten\u00a0har den anrika vandringsleden Vildmarksleden rustats upp med ny skyltning och en l\u00e4ngre sp\u00e5ngl\u00e4ggning genom Burlaggaflyet \u2013 ett samarbete mellan B\u00f6rne Thorstensson, Skogsstyrelsen, Uppvidinge kommun och Farmartj\u00e4nst.<br \/>\n<\/strong><\/p>\n<p>-Jag har g\u00e5tt igenom den 37 kilometer l\u00e5nga leden och r\u00f6jt stigar samt satt upp nya skyltar, ber\u00e4ttar B\u00f6rne Thorstensson. \u00a0Den en kilometer l\u00e5nga sp\u00e5ngen som byggts \u00f6ver Burlaggaflyet ger en h\u00e4ftig naturupplevelse och till v\u00e5ren finns \u00e4ven planer p\u00e5 att rusta upp vindskydden och toaletterna som finns i \u00d6sj\u00f6bol och Kolvesj\u00f6 samt att ansluta leden till ziplinebanan i Klavrestr\u00f6m.<br \/>\n-Vi har redan nu gjort om str\u00e4ckningen n\u00e5got. Leden g\u00e5r genom det nya reservatet Getaryggen, som erbjuder kuperad terr\u00e4ng och h\u00e4nf\u00f6rande utsikt. Det \u00e4r bitvis tuff vandring genom relativt or\u00f6rd skog, ber\u00e4ttar Thorsten Zaar, skogsf\u00f6rvaltare p\u00e5 Uppvidinge kommun.<\/p>\n<p>Vildmarksleden l\u00f6per via Klavrestr\u00f6m, Libbhults \u00e4ngar och Getaryggarna upp till Lindsh<img loading=\"lazy\" decoding=\"async\" class=\"size-full wp-image-3632 alignright\" src=\"http:\/\/www.uppvidingetidning.se\/wp-content\/uploads\/2015\/11\/Vildmarksleden-2_web.jpg\" alt=\"Vildmarksleden (2)_web\" width=\"494\" height=\"482\" srcset=\"https:\/\/www.uppvidingetidning.se\/wp-content\/uploads\/2015\/11\/Vildmarksleden-2_web.jpg 494w, https:\/\/www.uppvidingetidning.se\/wp-content\/uploads\/2015\/11\/Vildmarksleden-2_web-300x293.jpg 300w\" sizes=\"auto, (max-width: 494px) 100vw, 494px\" \/>ammar och sedan ned p\u00e5 den \u00f6stra sidan via Vr\u00e5nghult, intill \u00d6sj\u00f6bolreservatet \u00f6ver Burlaggaflyet och vidare till Norrhult och Klavrestr\u00f6m. Enklast p\u00e5b\u00f6rjar man sin vandring eller skidtur vid vandrarhemmet i Klavrestr\u00f6m, Libbhults reservatparkering eller Lindshammar Caf\u00e9 d\u00e4r det \u00e4r l\u00e4tt att parkera. H\u00e5ll utkik efter orange skyltning och de bl\u00e5vita vandringsledsskyltarna.<\/p>\n<p>Leden erbjuder vackra naturupplevelser genom blandad natur men ocks\u00e5 genom gammal, kulturhistorisk milj\u00f6.<br \/>\n-Ja, tack vare n\u00e4rheten till den gamla j\u00e4rnindustrin finns det gott om gamla torpgrunder, kolbottnar och kolakojor utmed linjen, ber\u00e4ttar B\u00f6rne.<\/p>\n<p>Den 37 kilometer l\u00e5nga vildmarksleden \u00e4r en lagom tv\u00e5dagarstur och f\u00f6r den som vill ha ytterligare utmaning sammanfaller leden med H\u00f6glandsleden vid Lindshammar, som i sin tur ansluter till andra leder som exempelvis Sigfridsleden i Asa. Packa ryggs\u00e4cken och planera en h\u00e4rlig l\u00e5ngvandring eller skidtur p\u00e5 hemmaplan!<\/p>\n<p><em>Fler naturtips f\u00e5r du i\u00a0Uppvidinge Tidning<\/em><\/p>\n","protected":false},"excerpt":{"rendered":"<p>Intresset f\u00f6r att vandra och r\u00f6ra sig i skog och natur \u00f6kar hela tiden och under h\u00f6sten\u00a0har den anrika vandringsleden Vildmarksleden rustats upp med ny skyltning och en l\u00e4ngre sp\u00e5ngl\u00e4ggning genom Burlaggaflyet \u2013 ett samarbete mellan B\u00f6rne Thorstensson, Skogsstyrelsen, Uppvidinge kommun och Farmartj\u00e4nst. -Jag har g\u00e5tt igenom den 37 kilometer l\u00e5nga leden och r\u00f6jt stigar [&hellip;]<\/p>\n","protected":false},"author":2,"featured_media":0,"comment_status":"closed","ping_status":"open","sticky":false,"template":"","format":"standard","meta":{"footnotes":""},"categories":[21,1],"tags":[],"class_list":["post-3631","post","type-post","status-publish","format-standard","hentry","category-skog-natur","category-u-t-pa-natet"],"_links":{"self":[{"href":"https:\/\/www.uppvidingetidning.se\/index.php?rest_route=\/wp\/v2\/posts\/3631","targetHints":{"allow":["GET"]}}],"collection":[{"href":"https:\/\/www.uppvidingetidning.se\/index.php?rest_route=\/wp\/v2\/posts"}],"about":[{"href":"https:\/\/www.uppvidingetidning.se\/index.php?rest_route=\/wp\/v2\/types\/post"}],"author":[{"embeddable":true,"href":"https:\/\/www.uppvidingetidning.se\/index.php?rest_route=\/wp\/v2\/users\/2"}],"replies":[{"embeddable":true,"href":"https:\/\/www.uppvidingetidning.se\/index.php?rest_route=%2Fwp%2Fv2%2Fcomments&post=3631"}],"version-history":[{"count":5,"href":"https:\/\/www.uppvidingetidning.se\/index.php?rest_route=\/wp\/v2\/posts\/3631\/revisions"}],"predecessor-version":[{"id":7655,"href":"https:\/\/www.uppvidingetidning.se\/index.php?rest_route=\/wp\/v2\/posts\/3631\/revisions\/7655"}],"wp:attachment":[{"href":"https:\/\/www.uppvidingetidning.se\/index.php?rest_route=%2Fwp%2Fv2%2Fmedia&parent=3631"}],"wp:term":[{"taxonomy":"category","embeddable":true,"href":"https:\/\/www.uppvidingetidning.se\/index.php?rest_route=%2Fwp%2Fv2%2Fcategories&post=3631"},{"taxonomy":"post_tag","embeddable":true,"href":"https:\/\/www.uppvidingetidning.se\/index.php?rest_route=%2Fwp%2Fv2%2Ftags&post=3631"}],"curies":[{"name":"wp","href":"https:\/\/api.w.org\/{rel}","templated":true}]}}