{"id":2142,"date":"2013-01-22T21:20:36","date_gmt":"2013-01-22T20:20:36","guid":{"rendered":"http:\/\/www.uppvidingetidning.se\/?p=2142"},"modified":"2015-07-06T16:06:28","modified_gmt":"2015-07-06T15:06:28","slug":"det-goda-foraldraskapet","status":"publish","type":"post","link":"https:\/\/www.uppvidingetidning.se\/?p=2142","title":{"rendered":"Det goda f\u00f6r\u00e4ldraskapet"},"content":{"rendered":"<p style=\"text-align: left;\"><strong>I h\u00f6stas bj\u00f6d Uppvidinge kommun in alla f\u00f6r\u00e4ldrar i kommunen till kursen \u201dDet goda f\u00f6r\u00e4ldraskapet\u201d \u2013 ett projekt initierat av Statens Folkh\u00e4lsoinstitut. Kursen, som arrangerades p\u00e5 tre orter i Uppvidinge under 2011, var mycket uppskattad och trots att projekttiden nu \u00e4r slut v\u00e4ljer Uppvidinge kommun att forts\u00e4tta erbjuda f\u00f6r\u00e4ldrakursen<\/strong>.<\/p>\n<p>\u00a0Under v\u00e5ren kommer \u201dDet goda f\u00f6r\u00e4ldraskapet\u201d att arrangeras i \u00c5seda och Lenhovda och finns det intresse blir det fler kurser \u00e4ven till h\u00f6sten. Utbildningsledare \u00c5se Adolfsson, Johanna Svensson och Jenny Lindell Bakke ser satsningen som positiv.<br \/>\n-Kursen ger b\u00e5de personlig utveckling och bra allm\u00e4nbildning,\u00a0 mycket av det vi l\u00e4r ut g\u00e5r att applicera \u00e4ven i andra situationer och m\u00f6ten med m\u00e4nniskor &#8211; b\u00e5de barn och vuxna, menar Johanna och Jenny som, trots att de b\u00e5da \u00e4r utbildade pedagoger, upplever att de har f\u00e5tt m\u00e5nga nya infallsvinklar, anv\u00e4ndbara nycklar och ett nytt, reflekterande f\u00f6rh\u00e5llningss\u00e4tt genom utbildningen.<br \/>\n\u00c4ven h\u00f6stens deltagande f\u00f6r\u00e4ldrar \u00e4r n\u00f6jda. Kursdeltagarna har varit b\u00e5de m\u00e4n och kvinnor i blandade \u00e5ldrar. En del har g\u00e5tt som par och andra har g\u00e5tt sj\u00e4lva.<br \/>\nKursen ger inga pekpinnar och \u00e4r pedagogiskt upplagd med tydliga exempel. Det handlar om att f\u00f6rst\u00e5 vad barnen vill n\u00e4r de agerar p\u00e5 ett visst s\u00e4tt samt att reflektera hur du \u00e4r som person, vilket f\u00f6rh\u00e5llningss\u00e4tt du har och hur du agerar i vissa situationer \u2013 och hur det i sin tur p\u00e5verkar barnen och omgivningen. Kursen bygger inte heller p\u00e5 bel\u00f6ning och bestraffning utan ist\u00e4llet \u00e4r det uppmuntran, diskussioner och f\u00f6rb\u00e4ttrad kommunikation som \u00e4r grunden. Deltagarna l\u00e4r sig att hantera konflikter p\u00e5 ett b\u00e4ttre s\u00e4tt och att bli tydligare i sin kommunikation vilket g\u00f6r att de kan agera p\u00e5 ett s\u00e4tt som st\u00e4rker barnens sj\u00e4lvk\u00e4nsla, sj\u00e4lvf\u00f6rtroende, mod, ansvarsk\u00e4nsla och samarbetsf\u00f6rm\u00e5ga.\u00a0Det goda f\u00f6r\u00e4ldraskapet \u00e4r en kurs f\u00f6r alla som vill bli tryggare och mer aktiv i sin f\u00f6r\u00e4ldraroll och som \u00e4ven vill vidga sina vyer och vidareutvecklas som person.<\/p>\n<p>\u00c4ven Jenny och Johanna har l\u00e4rt sig mycket genom sin utbildning.<br \/>\n-Vems \u00e4r problemet? Det \u00e4r en mycket nyttig fr\u00e5gest\u00e4llning som jag har anammat genom kursen. Och att anv\u00e4nda \u201dpausknappen\u201d n\u00e4r det k\u00f6r ihop sig. Att stanna upp och reflektera \u00f6ver vad jag kan g\u00f6ra f\u00f6r att f\u00f6r\u00e4ndra ist\u00e4llet f\u00f6r att bara reagera och agera p\u00e5 impuls och d\u00e4rmed kanske f\u00f6rst\u00e4rka en ond cirkel, menar Jenny Lindell Bakke.<br \/>\nJohanna Svensson h\u00e5ller med om att pausknappen \u00e4r ett viktigt redskap n\u00e4r du hamnar i en konfliktfylld situation.<br \/>\n-Pausa och fundera p\u00e5 vad den andra vill med sitt beteende, notera hur de beter sig vid tills\u00e4gelse och f\u00f6rs\u00f6k komma fram till vad de vill och hur du utifr\u00e5n det ska agera i situationen. Det handlar mycket om att vara konsekvent och att kunna avdramatisera och klura p\u00e5 vad m\u00e4nniskor egentligen vill s\u00e4ga med sitt beteende, menar Johanna.<\/p>\n<p>&nbsp;<\/p>\n","protected":false},"excerpt":{"rendered":"<p>I h\u00f6stas bj\u00f6d Uppvidinge kommun in alla f\u00f6r\u00e4ldrar i kommunen till kursen \u201dDet goda f\u00f6r\u00e4ldraskapet\u201d \u2013 ett projekt initierat av Statens Folkh\u00e4lsoinstitut. Kursen, som arrangerades p\u00e5 tre orter i Uppvidinge under 2011, var mycket uppskattad och trots att projekttiden nu \u00e4r slut v\u00e4ljer Uppvidinge kommun att forts\u00e4tta erbjuda f\u00f6r\u00e4ldrakursen. \u00a0Under v\u00e5ren kommer \u201dDet goda f\u00f6r\u00e4ldraskapet\u201d [&hellip;]<\/p>\n","protected":false},"author":2,"featured_media":0,"comment_status":"closed","ping_status":"open","sticky":false,"template":"","format":"standard","meta":{"footnotes":""},"categories":[16,1],"tags":[],"class_list":["post-2142","post","type-post","status-publish","format-standard","hentry","category-coachtips","category-u-t-pa-natet"],"_links":{"self":[{"href":"https:\/\/www.uppvidingetidning.se\/index.php?rest_route=\/wp\/v2\/posts\/2142","targetHints":{"allow":["GET"]}}],"collection":[{"href":"https:\/\/www.uppvidingetidning.se\/index.php?rest_route=\/wp\/v2\/posts"}],"about":[{"href":"https:\/\/www.uppvidingetidning.se\/index.php?rest_route=\/wp\/v2\/types\/post"}],"author":[{"embeddable":true,"href":"https:\/\/www.uppvidingetidning.se\/index.php?rest_route=\/wp\/v2\/users\/2"}],"replies":[{"embeddable":true,"href":"https:\/\/www.uppvidingetidning.se\/index.php?rest_route=%2Fwp%2Fv2%2Fcomments&post=2142"}],"version-history":[{"count":2,"href":"https:\/\/www.uppvidingetidning.se\/index.php?rest_route=\/wp\/v2\/posts\/2142\/revisions"}],"predecessor-version":[{"id":3231,"href":"https:\/\/www.uppvidingetidning.se\/index.php?rest_route=\/wp\/v2\/posts\/2142\/revisions\/3231"}],"wp:attachment":[{"href":"https:\/\/www.uppvidingetidning.se\/index.php?rest_route=%2Fwp%2Fv2%2Fmedia&parent=2142"}],"wp:term":[{"taxonomy":"category","embeddable":true,"href":"https:\/\/www.uppvidingetidning.se\/index.php?rest_route=%2Fwp%2Fv2%2Fcategories&post=2142"},{"taxonomy":"post_tag","embeddable":true,"href":"https:\/\/www.uppvidingetidning.se\/index.php?rest_route=%2Fwp%2Fv2%2Ftags&post=2142"}],"curies":[{"name":"wp","href":"https:\/\/api.w.org\/{rel}","templated":true}]}}