{"id":182,"date":"2010-04-21T06:37:37","date_gmt":"2010-04-21T05:37:37","guid":{"rendered":"http:\/\/www.uppvidingetidning.se\/?p=182"},"modified":"2010-06-17T11:02:14","modified_gmt":"2010-06-17T10:02:14","slug":"konsten-att-fargsatta-ett-hus","status":"publish","type":"post","link":"https:\/\/www.uppvidingetidning.se\/?p=182","title":{"rendered":"Konsten att f\u00e4rgs\u00e4tta ett hus"},"content":{"rendered":"<p><a href=\"http:\/\/www.uppvidingetidning.se\/wp-content\/uploads\/2010\/04\/dorrar-530x300.jpg\"><img loading=\"lazy\" decoding=\"async\" class=\"alignnone size-full wp-image-184\" title=\"dorrar-530x300\" src=\"http:\/\/www.uppvidingetidning.se\/wp-content\/uploads\/2010\/04\/dorrar-530x300.jpg\" alt=\"\" width=\"530\" height=\"300\" \/><\/a><\/p>\n<address>(fakta Beckers, bild Allmogef\u00f6nster i Sverige AB\/Diplomat)<\/address>\n<h5><span style=\"color: #ffffff;\">.<br \/>\n<\/span>Ett vackert hus \u00e4r s\u00e4llan m\u00e5lat i en enda kul\u00f6r, n\u00e4stan alltid \u00e4r det en kombination av kul\u00f6rer som tillsammans skapar en helhet. Fasaden kan vara i en kul\u00f6r, f\u00f6nster, vindskivor och knutar i en annan och ytterd\u00f6rren i en tredje.<\/h5>\n<p>Att hitta den perfekta f\u00e4rgs\u00e4ttningen och att v\u00e4lja ut enstaka f\u00e4rger i exakt r\u00e4tt nyans bland tusentals f\u00e4rgprover \u00e4r inte alltid det l\u00e4ttaste. T\u00e4nk p\u00e5 att om du m\u00e5lar ditt hus i en ljus kul\u00f6r upplevs det som st\u00f6rre \u00e4n om det vore m\u00e5lat m\u00f6rkt. P\u00e5 en st\u00f6rre yta upplevs kul\u00f6ren dessutom b\u00e5de f\u00e4rgstarkare och ljusare \u00e4n p\u00e5 det lilla kul\u00f6rprovet. Provm\u00e5la g\u00e4rna n\u00e5gra kvadratmeter f\u00f6r att se om kul\u00f6ren passar ditt hus och dina \u00f6nskem\u00e5l innan du best\u00e4mmer dig.<\/p>\n<p>Mycket arbete ska utf\u00f6ras redan f\u00f6re m\u00e5lningen. Ett noggrant utf\u00f6rt grundarbete \u00e4r a och o f\u00f6r ett snyggt och h\u00e5llbart slutresultat. Unders\u00f6k fasadens kondition, \u00e4r det mjukt kan det vara ett tecken p\u00e5 r\u00f6tskador som m\u00e5ste \u00e5tg\u00e4rdas. Var ocks\u00e5 noggrann med att reng\u00f6ra fasaden ordentligt \u2013 genom att underlaget du m\u00e5lar p\u00e5 \u00e4r rent f\u00f6rl\u00e4ngs livstiden p\u00e5 den f\u00e4rdigm\u00e5lade ytan v\u00e4sentligt och du kan njuta m\u00e5nga \u00e5r av ditt vackra nym\u00e5lade hus.<\/p>\n<p>Komplettera ocks\u00e5 med en personlig och sp\u00e4nnande eller klassisk och sober ytterd\u00f6rr. Idag finns \u00e5tskilliga modeller och ett n\u00e4stintill obegr\u00e4nsat antal f\u00e4rger att v\u00e4lja bland &#8211; hitta din egen favorit hos din d\u00f6rrhandlare.<\/p>\n<address>(Bild Allmogef\u00f6nster i Sverige AB\/ Diplomat)<\/address>\n<address><\/address>\n","protected":false},"excerpt":{"rendered":"<p>(fakta Beckers, bild Allmogef\u00f6nster i Sverige AB\/Diplomat) . Ett vackert hus \u00e4r s\u00e4llan m\u00e5lat i en enda kul\u00f6r, n\u00e4stan alltid \u00e4r det en kombination av kul\u00f6rer som tillsammans skapar en helhet. Fasaden kan vara i en kul\u00f6r, f\u00f6nster, vindskivor och knutar i en annan och ytterd\u00f6rren i en tredje. Att hitta den perfekta f\u00e4rgs\u00e4ttningen och [&hellip;]<\/p>\n","protected":false},"author":1,"featured_media":0,"comment_status":"closed","ping_status":"open","sticky":false,"template":"","format":"standard","meta":{"footnotes":""},"categories":[1],"tags":[],"class_list":["post-182","post","type-post","status-publish","format-standard","hentry","category-u-t-pa-natet"],"_links":{"self":[{"href":"https:\/\/www.uppvidingetidning.se\/index.php?rest_route=\/wp\/v2\/posts\/182","targetHints":{"allow":["GET"]}}],"collection":[{"href":"https:\/\/www.uppvidingetidning.se\/index.php?rest_route=\/wp\/v2\/posts"}],"about":[{"href":"https:\/\/www.uppvidingetidning.se\/index.php?rest_route=\/wp\/v2\/types\/post"}],"author":[{"embeddable":true,"href":"https:\/\/www.uppvidingetidning.se\/index.php?rest_route=\/wp\/v2\/users\/1"}],"replies":[{"embeddable":true,"href":"https:\/\/www.uppvidingetidning.se\/index.php?rest_route=%2Fwp%2Fv2%2Fcomments&post=182"}],"version-history":[{"count":6,"href":"https:\/\/www.uppvidingetidning.se\/index.php?rest_route=\/wp\/v2\/posts\/182\/revisions"}],"predecessor-version":[{"id":537,"href":"https:\/\/www.uppvidingetidning.se\/index.php?rest_route=\/wp\/v2\/posts\/182\/revisions\/537"}],"wp:attachment":[{"href":"https:\/\/www.uppvidingetidning.se\/index.php?rest_route=%2Fwp%2Fv2%2Fmedia&parent=182"}],"wp:term":[{"taxonomy":"category","embeddable":true,"href":"https:\/\/www.uppvidingetidning.se\/index.php?rest_route=%2Fwp%2Fv2%2Fcategories&post=182"},{"taxonomy":"post_tag","embeddable":true,"href":"https:\/\/www.uppvidingetidning.se\/index.php?rest_route=%2Fwp%2Fv2%2Ftags&post=182"}],"curies":[{"name":"wp","href":"https:\/\/api.w.org\/{rel}","templated":true}]}}