{"id":1535,"date":"2011-09-23T09:34:42","date_gmt":"2011-09-23T08:34:42","guid":{"rendered":"http:\/\/www.uppvidingetidning.se\/?p=1535"},"modified":"2011-09-23T09:38:30","modified_gmt":"2011-09-23T08:38:30","slug":"du-och-din-varg","status":"publish","type":"post","link":"https:\/\/www.uppvidingetidning.se\/?p=1535","title":{"rendered":"Du och din varg &#8211; hundens beteende i flock"},"content":{"rendered":"<p><a href=\"http:\/\/www.uppvidingetidning.se\/wp-content\/uploads\/2011\/09\/stanley.jpg\"><img loading=\"lazy\" decoding=\"async\" class=\"aligncenter size-full wp-image-1536\" title=\"stanley\" src=\"http:\/\/www.uppvidingetidning.se\/wp-content\/uploads\/2011\/09\/stanley.jpg\" alt=\"\" width=\"530\" height=\"419\" srcset=\"https:\/\/www.uppvidingetidning.se\/wp-content\/uploads\/2011\/09\/stanley.jpg 530w, https:\/\/www.uppvidingetidning.se\/wp-content\/uploads\/2011\/09\/stanley-300x237.jpg 300w\" sizes=\"auto, (max-width: 530px) 100vw, 530px\" \/><\/a><\/p>\n<p style=\"text-align: left;\"><strong>Cirklar med fokus p\u00e5 djur och natur \u00e4r\u00a0popul\u00e4rt. L\u00e4r dig jaga, stycka k\u00f6tt, anv\u00e4nda motors\u00e5g och bygga kolmila i h\u00f6st. Vill du l\u00e4ra dig mer om hunden och flocken (familjen) startar en sp\u00e4nnande kurs med Nicole Schwarz den 28 september. &#8221;Du och din varg&#8221; \u00e4r en teorikurs om hundens och dess beteende relaterat till flocken.<\/strong><\/p>\n<p>\u00c4r du sugen p\u00e5 att l\u00e4ra dig bugga startar det samma dag en buggkurs i \u00c4lghult. Studief\u00f6rbundet Vuxenskolan i Uppvidinge har ett oerh\u00f6rt brett utbud av cirklar och f\u00f6rel\u00e4sningar i h\u00f6st \u2013 ett gyllene tillf\u00e4lle f\u00f6r b\u00e5de gammal som ung att l\u00e4ra sig n\u00e5got nytt. Datorer, sociala medier, sl\u00e4ktforskning, spr\u00e5k, hantverk&#8230; H\u00e4r finns det mesta. Se Vuxenskolans kursprogram i senaste numret av Uppvidinge Tidning.<\/p>\n","protected":false},"excerpt":{"rendered":"<p>Cirklar med fokus p\u00e5 djur och natur \u00e4r\u00a0popul\u00e4rt. L\u00e4r dig jaga, stycka k\u00f6tt, anv\u00e4nda motors\u00e5g och bygga kolmila i h\u00f6st. Vill du l\u00e4ra dig mer om hunden och flocken (familjen) startar en sp\u00e4nnande kurs med Nicole Schwarz den 28 september. &#8221;Du och din varg&#8221; \u00e4r en teorikurs om hundens och dess beteende relaterat till flocken. [&hellip;]<\/p>\n","protected":false},"author":2,"featured_media":0,"comment_status":"closed","ping_status":"open","sticky":false,"template":"","format":"standard","meta":{"footnotes":""},"categories":[1],"tags":[],"class_list":["post-1535","post","type-post","status-publish","format-standard","hentry","category-u-t-pa-natet"],"_links":{"self":[{"href":"https:\/\/www.uppvidingetidning.se\/index.php?rest_route=\/wp\/v2\/posts\/1535","targetHints":{"allow":["GET"]}}],"collection":[{"href":"https:\/\/www.uppvidingetidning.se\/index.php?rest_route=\/wp\/v2\/posts"}],"about":[{"href":"https:\/\/www.uppvidingetidning.se\/index.php?rest_route=\/wp\/v2\/types\/post"}],"author":[{"embeddable":true,"href":"https:\/\/www.uppvidingetidning.se\/index.php?rest_route=\/wp\/v2\/users\/2"}],"replies":[{"embeddable":true,"href":"https:\/\/www.uppvidingetidning.se\/index.php?rest_route=%2Fwp%2Fv2%2Fcomments&post=1535"}],"version-history":[{"count":7,"href":"https:\/\/www.uppvidingetidning.se\/index.php?rest_route=\/wp\/v2\/posts\/1535\/revisions"}],"predecessor-version":[{"id":1543,"href":"https:\/\/www.uppvidingetidning.se\/index.php?rest_route=\/wp\/v2\/posts\/1535\/revisions\/1543"}],"wp:attachment":[{"href":"https:\/\/www.uppvidingetidning.se\/index.php?rest_route=%2Fwp%2Fv2%2Fmedia&parent=1535"}],"wp:term":[{"taxonomy":"category","embeddable":true,"href":"https:\/\/www.uppvidingetidning.se\/index.php?rest_route=%2Fwp%2Fv2%2Fcategories&post=1535"},{"taxonomy":"post_tag","embeddable":true,"href":"https:\/\/www.uppvidingetidning.se\/index.php?rest_route=%2Fwp%2Fv2%2Ftags&post=1535"}],"curies":[{"name":"wp","href":"https:\/\/api.w.org\/{rel}","templated":true}]}}